{"id":1597,"date":"2024-05-23T11:43:32","date_gmt":"2024-05-23T09:43:32","guid":{"rendered":"https:\/\/pubstore.fr\/?p=1597"},"modified":"2024-05-23T12:26:18","modified_gmt":"2024-05-23T10:26:18","slug":"pub-store-fete-ses-20-ans","status":"publish","type":"post","link":"https:\/\/pubstore.fr\/index.php\/2024\/05\/23\/pub-store-fete-ses-20-ans\/","title":{"rendered":"Pub Store f\u00eate ses 20 ans"},"content":{"rendered":"\n<p>Le 31 mai 2024, nous avons c\u00e9l\u00e9br\u00e9 les 20 ans d&rsquo;existence de notre enseigne avec une soir\u00e9e m\u00e9morable. Cet \u00e9v\u00e9nement, qui s&rsquo;est d\u00e9roul\u00e9 \u00e0 domicile, a r\u00e9uni pr\u00e8s de 250 collaborateurs, clients, partenaires, famille et amis autour de moments festifs et de souvenirs partag\u00e9s.<\/p>\n\n\n\n<p><br><strong>Une d\u00e9coration au rendez-vous<\/strong><\/p>\n\n\n\n<p>D\u00e8s l&rsquo;entr\u00e9e, les invit\u00e9s ont \u00e9t\u00e9 accueillis par une d\u00e9coration chaleureuse et moderne, mettant en avant la convivialit\u00e9 de Pub Store. On pouvait y retrouver, des guirlandes lumineuses, une arche de ballon et un assortiment de goodies aux couleurs de l\u2019entreprise.<\/p>\n\n\n\n<p><br><strong>Animation et Divertissement<\/strong><\/p>\n\n\n\n<p>Au programme, un ap\u00e9ro, une visite de l\u2019entreprise, un discours du fondateur, un concert live, mais aussi 2 buffets sign\u00e9s, Les Fondus de Fromages et l\u2019Androuno. En fin de soir\u00e9e Cyril Simonetta a pu souffler ses bougies marquant ses 20 ann\u00e9es de travail acharn\u00e9.<\/p>\n\n\n\n<p>Sans oublier notre photobox qui \u00e9tait \u00e0 disposition permettant aux participants de repartir avec des souvenirs personnalis\u00e9s de la soir\u00e9e.<\/p>\n\n\n\n<p><br><strong>Conclusion<\/strong><\/p>\n\n\n\n<p>Les 20 ans de Pub Store ont \u00e9t\u00e9 c\u00e9l\u00e9br\u00e9s avec une soir\u00e9e qui refl\u00e8te l&rsquo;\u00e2me et l&rsquo;esprit de l&rsquo;entreprise : festive, innovante, et tourn\u00e9e vers l&rsquo;avenir. Cet anniversaire marque non seulement deux d\u00e9cennies de succ\u00e8s, mais aussi le d\u00e9but d&rsquo;une nouvelle \u00e8re prometteuse pour Pub Store. F\u00e9licitations \u00e0 toute l&rsquo;\u00e9quipe et merci aux invit\u00e9s qui on su faire de cette soir\u00e9e un moment de partage et de c\u00e9l\u00e9bration.<\/p>\n\n\n\n<p><br>N\u2019oubliez pas, ensemble voyons plus grand !<\/p>\n","protected":false},"excerpt":{"rendered":"<p>Le 31 mai 2024, nous avons c\u00e9l\u00e9br\u00e9 les 20 ans d&rsquo;existence de notre enseigne avec une soir\u00e9e m\u00e9morable. Cet \u00e9v\u00e9nement, qui s&rsquo;est d\u00e9roul\u00e9 \u00e0 domicile, a r\u00e9uni pr\u00e8s de 250 collaborateurs, clients, partenaires, famille et amis autour de moments festifs et de souvenirs partag\u00e9s.<\/p>\n","protected":false},"author":1,"featured_media":1694,"comment_status":"open","ping_status":"open","sticky":false,"template":"","format":"standard","meta":{"footnotes":""},"categories":[1],"tags":[],"class_list":["post-1597","post","type-post","status-publish","format-standard","has-post-thumbnail","hentry","category-non-classe"],"yoast_head":"<!-- This site is optimized with the Yoast SEO plugin v27.3 - https:\/\/yoast.com\/product\/yoast-seo-wordpress\/ -->\n<title>Pub Store f\u00eate ses 20 ans - Pub Store - Draguignan<\/title>\n<meta name=\"robots\" content=\"index, follow, max-snippet:-1, max-image-preview:large, max-video-preview:-1\" \/>\n<link rel=\"canonical\" href=\"https:\/\/pubstore.fr\/index.php\/2024\/05\/23\/pub-store-fete-ses-20-ans\/\" \/>\n<meta property=\"og:locale\" content=\"fr_FR\" \/>\n<meta property=\"og:type\" content=\"article\" \/>\n<meta property=\"og:title\" content=\"Pub Store f\u00eate ses 20 ans - Pub Store - Draguignan\" \/>\n<meta property=\"og:description\" content=\"Le 31 mai 2024, nous avons c\u00e9l\u00e9br\u00e9 les 20 ans d&#039;existence de notre enseigne avec une soir\u00e9e m\u00e9morable. Cet \u00e9v\u00e9nement, qui s&#039;est d\u00e9roul\u00e9 \u00e0 domicile, a r\u00e9uni pr\u00e8s de 250 collaborateurs, clients, partenaires, famille et amis autour de moments festifs et de souvenirs partag\u00e9s.\" \/>\n<meta property=\"og:url\" content=\"https:\/\/pubstore.fr\/index.php\/2024\/05\/23\/pub-store-fete-ses-20-ans\/\" \/>\n<meta property=\"og:site_name\" content=\"Pub Store - Draguignan\" \/>\n<meta property=\"article:published_time\" content=\"2024-05-23T09:43:32+00:00\" \/>\n<meta property=\"article:modified_time\" content=\"2024-05-23T10:26:18+00:00\" \/>\n<meta property=\"og:image\" content=\"https:\/\/pubstore.fr\/wp-content\/uploads\/2024\/05\/Design-sans-titre-1024x724.png\" \/>\n\t<meta property=\"og:image:width\" content=\"1024\" \/>\n\t<meta property=\"og:image:height\" content=\"724\" \/>\n\t<meta property=\"og:image:type\" content=\"image\/png\" \/>\n<meta name=\"author\" content=\"admin2934\" \/>\n<meta name=\"twitter:card\" content=\"summary_large_image\" \/>\n<meta name=\"twitter:label1\" content=\"\u00c9crit par\" \/>\n\t<meta name=\"twitter:data1\" content=\"admin2934\" \/>\n\t<meta name=\"twitter:label2\" content=\"Dur\u00e9e de lecture estim\u00e9e\" \/>\n\t<meta name=\"twitter:data2\" content=\"2 minutes\" \/>\n<script type=\"application\/ld+json\" class=\"yoast-schema-graph\">{\"@context\":\"https:\\\/\\\/schema.org\",\"@graph\":[{\"@type\":\"Article\",\"@id\":\"https:\\\/\\\/pubstore.fr\\\/index.php\\\/2024\\\/05\\\/23\\\/pub-store-fete-ses-20-ans\\\/#article\",\"isPartOf\":{\"@id\":\"https:\\\/\\\/pubstore.fr\\\/index.php\\\/2024\\\/05\\\/23\\\/pub-store-fete-ses-20-ans\\\/\"},\"author\":{\"name\":\"admin2934\",\"@id\":\"https:\\\/\\\/pubstore.fr\\\/#\\\/schema\\\/person\\\/64682490aebc5457c4765a3b815cbf42\"},\"headline\":\"Pub Store f\u00eate ses 20 ans\",\"datePublished\":\"2024-05-23T09:43:32+00:00\",\"dateModified\":\"2024-05-23T10:26:18+00:00\",\"mainEntityOfPage\":{\"@id\":\"https:\\\/\\\/pubstore.fr\\\/index.php\\\/2024\\\/05\\\/23\\\/pub-store-fete-ses-20-ans\\\/\"},\"wordCount\":273,\"commentCount\":0,\"publisher\":{\"@id\":\"https:\\\/\\\/pubstore.fr\\\/#organization\"},\"image\":{\"@id\":\"https:\\\/\\\/pubstore.fr\\\/index.php\\\/2024\\\/05\\\/23\\\/pub-store-fete-ses-20-ans\\\/#primaryimage\"},\"thumbnailUrl\":\"https:\\\/\\\/pubstore.fr\\\/wp-content\\\/uploads\\\/2024\\\/05\\\/Design-sans-titre.png\",\"inLanguage\":\"fr-FR\",\"potentialAction\":[{\"@type\":\"CommentAction\",\"name\":\"Comment\",\"target\":[\"https:\\\/\\\/pubstore.fr\\\/index.php\\\/2024\\\/05\\\/23\\\/pub-store-fete-ses-20-ans\\\/#respond\"]}]},{\"@type\":\"WebPage\",\"@id\":\"https:\\\/\\\/pubstore.fr\\\/index.php\\\/2024\\\/05\\\/23\\\/pub-store-fete-ses-20-ans\\\/\",\"url\":\"https:\\\/\\\/pubstore.fr\\\/index.php\\\/2024\\\/05\\\/23\\\/pub-store-fete-ses-20-ans\\\/\",\"name\":\"Pub Store f\u00eate ses 20 ans - Pub Store - Draguignan\",\"isPartOf\":{\"@id\":\"https:\\\/\\\/pubstore.fr\\\/#website\"},\"primaryImageOfPage\":{\"@id\":\"https:\\\/\\\/pubstore.fr\\\/index.php\\\/2024\\\/05\\\/23\\\/pub-store-fete-ses-20-ans\\\/#primaryimage\"},\"image\":{\"@id\":\"https:\\\/\\\/pubstore.fr\\\/index.php\\\/2024\\\/05\\\/23\\\/pub-store-fete-ses-20-ans\\\/#primaryimage\"},\"thumbnailUrl\":\"https:\\\/\\\/pubstore.fr\\\/wp-content\\\/uploads\\\/2024\\\/05\\\/Design-sans-titre.png\",\"datePublished\":\"2024-05-23T09:43:32+00:00\",\"dateModified\":\"2024-05-23T10:26:18+00:00\",\"breadcrumb\":{\"@id\":\"https:\\\/\\\/pubstore.fr\\\/index.php\\\/2024\\\/05\\\/23\\\/pub-store-fete-ses-20-ans\\\/#breadcrumb\"},\"inLanguage\":\"fr-FR\",\"potentialAction\":[{\"@type\":\"ReadAction\",\"target\":[\"https:\\\/\\\/pubstore.fr\\\/index.php\\\/2024\\\/05\\\/23\\\/pub-store-fete-ses-20-ans\\\/\"]}]},{\"@type\":\"ImageObject\",\"inLanguage\":\"fr-FR\",\"@id\":\"https:\\\/\\\/pubstore.fr\\\/index.php\\\/2024\\\/05\\\/23\\\/pub-store-fete-ses-20-ans\\\/#primaryimage\",\"url\":\"https:\\\/\\\/pubstore.fr\\\/wp-content\\\/uploads\\\/2024\\\/05\\\/Design-sans-titre.png\",\"contentUrl\":\"https:\\\/\\\/pubstore.fr\\\/wp-content\\\/uploads\\\/2024\\\/05\\\/Design-sans-titre.png\",\"width\":2000,\"height\":1414,\"caption\":\"20 ans pub store\"},{\"@type\":\"BreadcrumbList\",\"@id\":\"https:\\\/\\\/pubstore.fr\\\/index.php\\\/2024\\\/05\\\/23\\\/pub-store-fete-ses-20-ans\\\/#breadcrumb\",\"itemListElement\":[{\"@type\":\"ListItem\",\"position\":1,\"name\":\"Accueil\",\"item\":\"https:\\\/\\\/pubstore.fr\\\/\"},{\"@type\":\"ListItem\",\"position\":2,\"name\":\"Pub Store f\u00eate ses 20 ans\"}]},{\"@type\":\"WebSite\",\"@id\":\"https:\\\/\\\/pubstore.fr\\\/#website\",\"url\":\"https:\\\/\\\/pubstore.fr\\\/\",\"name\":\"Pub Store - Draguignan\",\"description\":\"\",\"publisher\":{\"@id\":\"https:\\\/\\\/pubstore.fr\\\/#organization\"},\"potentialAction\":[{\"@type\":\"SearchAction\",\"target\":{\"@type\":\"EntryPoint\",\"urlTemplate\":\"https:\\\/\\\/pubstore.fr\\\/?s={search_term_string}\"},\"query-input\":{\"@type\":\"PropertyValueSpecification\",\"valueRequired\":true,\"valueName\":\"search_term_string\"}}],\"inLanguage\":\"fr-FR\"},{\"@type\":\"Organization\",\"@id\":\"https:\\\/\\\/pubstore.fr\\\/#organization\",\"name\":\"Pub Store - Draguignan\",\"url\":\"https:\\\/\\\/pubstore.fr\\\/\",\"logo\":{\"@type\":\"ImageObject\",\"inLanguage\":\"fr-FR\",\"@id\":\"https:\\\/\\\/pubstore.fr\\\/#\\\/schema\\\/logo\\\/image\\\/\",\"url\":\"https:\\\/\\\/pubstore.fr\\\/wp-content\\\/uploads\\\/2024\\\/04\\\/cropped-logo-pub-store-sur-fd-blanc.png\",\"contentUrl\":\"https:\\\/\\\/pubstore.fr\\\/wp-content\\\/uploads\\\/2024\\\/04\\\/cropped-logo-pub-store-sur-fd-blanc.png\",\"width\":3876,\"height\":942,\"caption\":\"Pub Store - Draguignan\"},\"image\":{\"@id\":\"https:\\\/\\\/pubstore.fr\\\/#\\\/schema\\\/logo\\\/image\\\/\"}},{\"@type\":\"Person\",\"@id\":\"https:\\\/\\\/pubstore.fr\\\/#\\\/schema\\\/person\\\/64682490aebc5457c4765a3b815cbf42\",\"name\":\"admin2934\",\"image\":{\"@type\":\"ImageObject\",\"inLanguage\":\"fr-FR\",\"@id\":\"https:\\\/\\\/secure.gravatar.com\\\/avatar\\\/b1b5c1c5518f759a14a7dd27ba97109d6e5fd2f80d1f2d41553ff1deb077daf8?s=96&d=mm&r=g\",\"url\":\"https:\\\/\\\/secure.gravatar.com\\\/avatar\\\/b1b5c1c5518f759a14a7dd27ba97109d6e5fd2f80d1f2d41553ff1deb077daf8?s=96&d=mm&r=g\",\"contentUrl\":\"https:\\\/\\\/secure.gravatar.com\\\/avatar\\\/b1b5c1c5518f759a14a7dd27ba97109d6e5fd2f80d1f2d41553ff1deb077daf8?s=96&d=mm&r=g\",\"caption\":\"admin2934\"},\"sameAs\":[\"http:\\\/\\\/pubstore.fr\"],\"url\":\"https:\\\/\\\/pubstore.fr\\\/index.php\\\/author\\\/admin2934\\\/\"}]}<\/script>\n<!-- \/ Yoast SEO plugin. -->","yoast_head_json":{"title":"Pub Store f\u00eate ses 20 ans - Pub Store - Draguignan","robots":{"index":"index","follow":"follow","max-snippet":"max-snippet:-1","max-image-preview":"max-image-preview:large","max-video-preview":"max-video-preview:-1"},"canonical":"https:\/\/pubstore.fr\/index.php\/2024\/05\/23\/pub-store-fete-ses-20-ans\/","og_locale":"fr_FR","og_type":"article","og_title":"Pub Store f\u00eate ses 20 ans - Pub Store - Draguignan","og_description":"Le 31 mai 2024, nous avons c\u00e9l\u00e9br\u00e9 les 20 ans d'existence de notre enseigne avec une soir\u00e9e m\u00e9morable. Cet \u00e9v\u00e9nement, qui s'est d\u00e9roul\u00e9 \u00e0 domicile, a r\u00e9uni pr\u00e8s de 250 collaborateurs, clients, partenaires, famille et amis autour de moments festifs et de souvenirs partag\u00e9s.","og_url":"https:\/\/pubstore.fr\/index.php\/2024\/05\/23\/pub-store-fete-ses-20-ans\/","og_site_name":"Pub Store - Draguignan","article_published_time":"2024-05-23T09:43:32+00:00","article_modified_time":"2024-05-23T10:26:18+00:00","og_image":[{"width":1024,"height":724,"url":"https:\/\/pubstore.fr\/wp-content\/uploads\/2024\/05\/Design-sans-titre-1024x724.png","type":"image\/png"}],"author":"admin2934","twitter_card":"summary_large_image","twitter_misc":{"\u00c9crit par":"admin2934","Dur\u00e9e de lecture estim\u00e9e":"2 minutes"},"schema":{"@context":"https:\/\/schema.org","@graph":[{"@type":"Article","@id":"https:\/\/pubstore.fr\/index.php\/2024\/05\/23\/pub-store-fete-ses-20-ans\/#article","isPartOf":{"@id":"https:\/\/pubstore.fr\/index.php\/2024\/05\/23\/pub-store-fete-ses-20-ans\/"},"author":{"name":"admin2934","@id":"https:\/\/pubstore.fr\/#\/schema\/person\/64682490aebc5457c4765a3b815cbf42"},"headline":"Pub Store f\u00eate ses 20 ans","datePublished":"2024-05-23T09:43:32+00:00","dateModified":"2024-05-23T10:26:18+00:00","mainEntityOfPage":{"@id":"https:\/\/pubstore.fr\/index.php\/2024\/05\/23\/pub-store-fete-ses-20-ans\/"},"wordCount":273,"commentCount":0,"publisher":{"@id":"https:\/\/pubstore.fr\/#organization"},"image":{"@id":"https:\/\/pubstore.fr\/index.php\/2024\/05\/23\/pub-store-fete-ses-20-ans\/#primaryimage"},"thumbnailUrl":"https:\/\/pubstore.fr\/wp-content\/uploads\/2024\/05\/Design-sans-titre.png","inLanguage":"fr-FR","potentialAction":[{"@type":"CommentAction","name":"Comment","target":["https:\/\/pubstore.fr\/index.php\/2024\/05\/23\/pub-store-fete-ses-20-ans\/#respond"]}]},{"@type":"WebPage","@id":"https:\/\/pubstore.fr\/index.php\/2024\/05\/23\/pub-store-fete-ses-20-ans\/","url":"https:\/\/pubstore.fr\/index.php\/2024\/05\/23\/pub-store-fete-ses-20-ans\/","name":"Pub Store f\u00eate ses 20 ans - Pub Store - Draguignan","isPartOf":{"@id":"https:\/\/pubstore.fr\/#website"},"primaryImageOfPage":{"@id":"https:\/\/pubstore.fr\/index.php\/2024\/05\/23\/pub-store-fete-ses-20-ans\/#primaryimage"},"image":{"@id":"https:\/\/pubstore.fr\/index.php\/2024\/05\/23\/pub-store-fete-ses-20-ans\/#primaryimage"},"thumbnailUrl":"https:\/\/pubstore.fr\/wp-content\/uploads\/2024\/05\/Design-sans-titre.png","datePublished":"2024-05-23T09:43:32+00:00","dateModified":"2024-05-23T10:26:18+00:00","breadcrumb":{"@id":"https:\/\/pubstore.fr\/index.php\/2024\/05\/23\/pub-store-fete-ses-20-ans\/#breadcrumb"},"inLanguage":"fr-FR","potentialAction":[{"@type":"ReadAction","target":["https:\/\/pubstore.fr\/index.php\/2024\/05\/23\/pub-store-fete-ses-20-ans\/"]}]},{"@type":"ImageObject","inLanguage":"fr-FR","@id":"https:\/\/pubstore.fr\/index.php\/2024\/05\/23\/pub-store-fete-ses-20-ans\/#primaryimage","url":"https:\/\/pubstore.fr\/wp-content\/uploads\/2024\/05\/Design-sans-titre.png","contentUrl":"https:\/\/pubstore.fr\/wp-content\/uploads\/2024\/05\/Design-sans-titre.png","width":2000,"height":1414,"caption":"20 ans pub store"},{"@type":"BreadcrumbList","@id":"https:\/\/pubstore.fr\/index.php\/2024\/05\/23\/pub-store-fete-ses-20-ans\/#breadcrumb","itemListElement":[{"@type":"ListItem","position":1,"name":"Accueil","item":"https:\/\/pubstore.fr\/"},{"@type":"ListItem","position":2,"name":"Pub Store f\u00eate ses 20 ans"}]},{"@type":"WebSite","@id":"https:\/\/pubstore.fr\/#website","url":"https:\/\/pubstore.fr\/","name":"Pub Store - Draguignan","description":"","publisher":{"@id":"https:\/\/pubstore.fr\/#organization"},"potentialAction":[{"@type":"SearchAction","target":{"@type":"EntryPoint","urlTemplate":"https:\/\/pubstore.fr\/?s={search_term_string}"},"query-input":{"@type":"PropertyValueSpecification","valueRequired":true,"valueName":"search_term_string"}}],"inLanguage":"fr-FR"},{"@type":"Organization","@id":"https:\/\/pubstore.fr\/#organization","name":"Pub Store - Draguignan","url":"https:\/\/pubstore.fr\/","logo":{"@type":"ImageObject","inLanguage":"fr-FR","@id":"https:\/\/pubstore.fr\/#\/schema\/logo\/image\/","url":"https:\/\/pubstore.fr\/wp-content\/uploads\/2024\/04\/cropped-logo-pub-store-sur-fd-blanc.png","contentUrl":"https:\/\/pubstore.fr\/wp-content\/uploads\/2024\/04\/cropped-logo-pub-store-sur-fd-blanc.png","width":3876,"height":942,"caption":"Pub Store - Draguignan"},"image":{"@id":"https:\/\/pubstore.fr\/#\/schema\/logo\/image\/"}},{"@type":"Person","@id":"https:\/\/pubstore.fr\/#\/schema\/person\/64682490aebc5457c4765a3b815cbf42","name":"admin2934","image":{"@type":"ImageObject","inLanguage":"fr-FR","@id":"https:\/\/secure.gravatar.com\/avatar\/b1b5c1c5518f759a14a7dd27ba97109d6e5fd2f80d1f2d41553ff1deb077daf8?s=96&d=mm&r=g","url":"https:\/\/secure.gravatar.com\/avatar\/b1b5c1c5518f759a14a7dd27ba97109d6e5fd2f80d1f2d41553ff1deb077daf8?s=96&d=mm&r=g","contentUrl":"https:\/\/secure.gravatar.com\/avatar\/b1b5c1c5518f759a14a7dd27ba97109d6e5fd2f80d1f2d41553ff1deb077daf8?s=96&d=mm&r=g","caption":"admin2934"},"sameAs":["http:\/\/pubstore.fr"],"url":"https:\/\/pubstore.fr\/index.php\/author\/admin2934\/"}]}},"_links":{"self":[{"href":"https:\/\/pubstore.fr\/index.php\/wp-json\/wp\/v2\/posts\/1597","targetHints":{"allow":["GET"]}}],"collection":[{"href":"https:\/\/pubstore.fr\/index.php\/wp-json\/wp\/v2\/posts"}],"about":[{"href":"https:\/\/pubstore.fr\/index.php\/wp-json\/wp\/v2\/types\/post"}],"author":[{"embeddable":true,"href":"https:\/\/pubstore.fr\/index.php\/wp-json\/wp\/v2\/users\/1"}],"replies":[{"embeddable":true,"href":"https:\/\/pubstore.fr\/index.php\/wp-json\/wp\/v2\/comments?post=1597"}],"version-history":[{"count":2,"href":"https:\/\/pubstore.fr\/index.php\/wp-json\/wp\/v2\/posts\/1597\/revisions"}],"predecessor-version":[{"id":1780,"href":"https:\/\/pubstore.fr\/index.php\/wp-json\/wp\/v2\/posts\/1597\/revisions\/1780"}],"wp:featuredmedia":[{"embeddable":true,"href":"https:\/\/pubstore.fr\/index.php\/wp-json\/wp\/v2\/media\/1694"}],"wp:attachment":[{"href":"https:\/\/pubstore.fr\/index.php\/wp-json\/wp\/v2\/media?parent=1597"}],"wp:term":[{"taxonomy":"category","embeddable":true,"href":"https:\/\/pubstore.fr\/index.php\/wp-json\/wp\/v2\/categories?post=1597"},{"taxonomy":"post_tag","embeddable":true,"href":"https:\/\/pubstore.fr\/index.php\/wp-json\/wp\/v2\/tags?post=1597"}],"curies":[{"name":"wp","href":"https:\/\/api.w.org\/{rel}","templated":true}]}}